{"id":7076,"date":"2026-04-25T09:03:07","date_gmt":"2026-04-25T07:03:07","guid":{"rendered":"http:\/\/parafiajazowsko.pl\/?p=7076"},"modified":"2026-04-25T09:03:07","modified_gmt":"2026-04-25T07:03:07","slug":"intencje-mszalne-od-27-kwietnia-do-3-maja-2026-roku","status":"publish","type":"post","link":"http:\/\/parafiajazowsko.pl\/index.php\/2026\/04\/25\/intencje-mszalne-od-27-kwietnia-do-3-maja-2026-roku\/","title":{"rendered":"Intencje mszalne od 27 kwietnia do 3 maja 2026 roku"},"content":{"rendered":"<p class=\"p2\"><span style=\"font-family: 'book antiqua', palatino, serif; font-size: 21px; color: #000000;\"><span class=\"s1\" style=\"color: #03a4f9;\"><b>Poniedzia\u0142ek <\/b><\/span><span class=\"s1\"><span style=\"color: #03a4f9;\"><b>27.04.2026<\/b><\/span><b><\/b><\/span><\/span><\/p>\n<p class=\"p1\"><span class=\"s1\" style=\"font-family: 'book antiqua', palatino, serif; font-size: 21px; color: #000000;\"><span style=\"color: #ff0000;\"><b>6.00<\/b><\/span><b><\/b><\/span><\/p>\n<p class=\"p5\"><span class=\"s1\" style=\"font-family: 'book antiqua', palatino, serif; font-size: 21px; color: #000000;\">1. <b>\u2020<\/b>Jan Wojciech <b>Krawenda<\/b> w rocz. \u015bm.<\/span><\/p>\n<p class=\"p5\"><span class=\"s1\" style=\"font-family: 'book antiqua', palatino, serif; font-size: 21px; color: #000000;\">2. <b>\u2020\u2020<\/b>Ewa <b>Ci\u0119ciwa-Fiut<\/b> od kole\u017canek i koleg\u00f3w z klasy ze SP w Jazowsku<\/span><\/p>\n<p class=\"p5\"><span class=\"s1\" style=\"font-family: 'book antiqua', palatino, serif; font-size: 21px; color: #000000;\">3. <b>\u2020<\/b>Jan <b>Wielosik <\/b>od syna Piotra z rodz.<\/span><\/p>\n<p class=\"p1\"><span class=\"s1\" style=\"font-family: 'book antiqua', palatino, serif; font-size: 21px; color: #000000;\"><span style=\"color: #ff0000;\"><b>18.00<\/b><\/span><b><\/b><\/span><\/p>\n<p class=\"p5\"><span class=\"s1\" style=\"font-family: 'book antiqua', palatino, serif; font-size: 21px; color: #000000;\">1. <b>\u2020<\/b>Janusz <b>Stawiarski<\/b> w rocz. \u015bm.<\/span><\/p>\n<p class=\"p5\"><span class=\"s1\" style=\"font-family: 'book antiqua', palatino, serif; font-size: 21px; color: #000000;\">2. O b\u0142og. Bo\u017ce, opiek\u0119 Maryi dla pewnej rodziny<\/span><\/p>\n<p class=\"p1\"><span class=\"s1\" style=\"font-family: 'book antiqua', palatino, serif; font-size: 21px; color: #000000;\"><span style=\"color: #ff0000;\"><b>Poza parafi\u0105:<\/b><\/span><b><\/b><\/span><\/p>\n<p class=\"p5\"><span class=\"s1\" style=\"font-family: 'book antiqua', palatino, serif; font-size: 21px; color: #000000;\"><b>\u2020<\/b>Edward <b>Florian<\/b> od Marii i Stanis\u0142awa Zbozie\u0144 z \u0141\u0105cka (Ks. Andrzej)<\/span><\/p>\n<p>&nbsp;<\/p>\n<p class=\"p2\"><span class=\"s1\" style=\"font-family: 'book antiqua', palatino, serif; font-size: 21px; color: #03a4f9;\"><b>Wtorek <\/b><\/span><span class=\"s1\" style=\"font-family: 'book antiqua', palatino, serif; font-size: 21px; color: #000000;\"><span style=\"color: #03a4f9;\"><b>28.04.2026<\/b><\/span><b><\/b><\/span><\/p>\n<p class=\"p1\"><span class=\"s1\" style=\"font-family: 'book antiqua', palatino, serif; font-size: 21px; color: #000000;\"><span style=\"color: #ff0000;\"><b>6.00<\/b><\/span><b><\/b><\/span><\/p>\n<p class=\"p5\"><span class=\"s1\" style=\"font-family: 'book antiqua', palatino, serif; font-size: 21px; color: #000000;\">1. <b>\u2020\u2020<\/b>Ewa <b>Ci\u0119ciwa-Fiut<\/b> od kole\u017canek i koleg\u00f3w z klasy ze SP w Jazowsku<\/span><\/p>\n<p class=\"p5\"><span class=\"s1\" style=\"font-family: 'book antiqua', palatino, serif; font-size: 21px; color: #000000;\">2. W int. Klaudii z okazji 1 urodzin i w intencji rodzic\u00f3w<\/span><\/p>\n<p class=\"p5\"><span class=\"s1\" style=\"font-family: 'book antiqua', palatino, serif; font-size: 21px; color: #000000;\">3. <b>\u2020<\/b>Jan <b>Wielosik<\/b> od koleg\u00f3w z pracy syna Piotra<\/span><\/p>\n<p class=\"p1\"><span class=\"s1\" style=\"font-family: 'book antiqua', palatino, serif; font-size: 21px; color: #000000;\"><span style=\"color: #ff0000;\"><b>18.00<\/b><\/span><b><\/b><\/span><\/p>\n<p class=\"p5\"><span class=\"s1\" style=\"font-family: 'book antiqua', palatino, serif; font-size: 21px; color: #000000;\">1. W 30 rocz. \u015blubu Zofii i Zdzis\u0142awa \/<i>dz-b\u0142<\/i>\/<\/span><\/p>\n<p class=\"p5\"><span class=\"s1\" style=\"font-family: 'book antiqua', palatino, serif; font-size: 21px; color: #000000;\">2. O \u015bwiat\u0142o Ducha \u015awi\u0119tego, b\u0142og. Bo\u017ce, opiek\u0119 Maryi na czas egzamin\u00f3w maturalnych dla B\u0142a\u017ceja<\/span><\/p>\n<p class=\"p1\"><span class=\"s1\" style=\"font-family: 'book antiqua', palatino, serif; font-size: 21px; color: #000000;\"><span style=\"color: #ff0000;\"><b>Poza parafi\u0105:<\/b><\/span><b><\/b><\/span><\/p>\n<p class=\"p5\"><span class=\"s1\" style=\"font-family: 'book antiqua', palatino, serif; font-size: 21px; color: #000000;\"><b>\u2020<\/b>Edward <b>Florian<\/b> od Bernarda Basty z rodz. (Ks. Andrzej)<\/span><\/p>\n<p>&nbsp;<\/p>\n<p class=\"p2\"><span class=\"s1\" style=\"font-family: 'book antiqua', palatino, serif; font-size: 21px; color: #03a4f9;\"><b>\u015aroda <\/b><\/span><span class=\"s1\" style=\"font-family: 'book antiqua', palatino, serif; font-size: 21px; color: #000000;\"><span style=\"color: #03a4f9;\"><b>29.04.2026 <\/b><\/span><b><\/b><\/span><span class=\"s1\" style=\"font-family: 'book antiqua', palatino, serif; font-size: 21px; color: #000000;\"><span style=\"color: #ff0000;\"><b><i>Wspomnienie \u015bw. Katarzyny ze Sieny<\/i><\/b><\/span><b><i><\/i><\/b><\/span><\/p>\n<p class=\"p1\"><span class=\"s1\" style=\"font-family: 'book antiqua', palatino, serif; font-size: 21px; color: #000000;\"><span style=\"color: #ff0000;\"><b>6.00<\/b><\/span><b><\/b><\/span><\/p>\n<p class=\"p5\"><span class=\"s1\" style=\"font-family: 'book antiqua', palatino, serif; font-size: 21px; color: #000000;\">1. <b>\u2020\u2020<\/b>Ewa <b>Ci\u0119ciwa-Fiut<\/b> od kole\u017canek i koleg\u00f3w z klasy ze SP w Jazowsku<\/span><\/p>\n<p class=\"p5\"><span class=\"s1\" style=\"font-family: 'book antiqua', palatino, serif; font-size: 21px; color: #000000;\">2. <b>\u2020\u2020<\/b>Rozalia i Tomasz <b>Madziar<\/b> oraz synowie: Jan i Stanis\u0142aw<\/span><\/p>\n<p class=\"p5\"><span class=\"s1\" style=\"font-family: 'book antiqua', palatino, serif; font-size: 21px; color: #000000;\">3. <b>\u2020<\/b>Jan <b>Wielosik<\/b> od Czes\u0142awa Klimczaka z rodz. z Homrzysk<\/span><\/p>\n<p class=\"p1\"><span class=\"s1\" style=\"font-family: 'book antiqua', palatino, serif; font-size: 21px; color: #000000;\"><span style=\"color: #ff0000;\"><b>18:00<\/b><\/span><b><\/b><\/span><\/p>\n<p class=\"p5\"><span class=\"s1\" style=\"font-family: 'book antiqua', palatino, serif; font-size: 21px; color: #000000;\">1. <b>\u2020\u2020<\/b>Stanis\u0142aw <b>Zaskwara<\/b>, \u017cona J\u00f3zefa w 15 rocz. \u015bm. oraz rodzice od c\u00f3rki z m\u0119\u017cem<\/span><\/p>\n<p class=\"p5\"><span class=\"s1\" style=\"font-family: 'book antiqua', palatino, serif; font-size: 21px; color: #000000;\">2. <b>\u2020\u2020<\/b>Stanis\u0142awa i Ludwik <b>Gwalik<\/b> w 3 rocz. \u015bm. Ludwika<\/span><\/p>\n<p class=\"p1\"><span class=\"s1\" style=\"font-family: 'book antiqua', palatino, serif; font-size: 21px; color: #000000;\"><span style=\"color: #ff0000;\"><b>Poza parafi\u0105:<\/b><\/span><b><\/b><\/span><\/p>\n<p class=\"p5\"><span class=\"s1\" style=\"font-family: 'book antiqua', palatino, serif; font-size: 21px; color: #000000;\"><b>\u2020<\/b>Edward <b>Florian<\/b> od grupy m\u0142odzie\u017cowej z Jazowska (Ks. Andrzej)<\/span><\/p>\n<p>&nbsp;<\/p>\n<p class=\"p2\"><span class=\"s1\" style=\"font-family: 'book antiqua', palatino, serif; font-size: 21px; color: #03a4f9;\"><b>Czwartek <\/b><b><\/b><\/span><span class=\"s1\" style=\"font-family: 'book antiqua', palatino, serif; font-size: 21px; color: #000000;\"><span style=\"color: #03a4f9;\"><b>30.04.2026<\/b><\/span><b><\/b><\/span><\/p>\n<p class=\"p1\"><span class=\"s1\" style=\"font-family: 'book antiqua', palatino, serif; font-size: 21px; color: #000000;\"><span style=\"color: #ff0000;\"><b>6:00<\/b><\/span><b><\/b><\/span><\/p>\n<p class=\"p5\"><span class=\"s1\" style=\"font-family: 'book antiqua', palatino, serif; font-size: 21px; color: #000000;\">1. <b>\u2020<\/b>Marian <b>S\u0142owik<\/b> z okazji imienin<\/span><\/p>\n<p class=\"p5\"><span class=\"s1\" style=\"font-family: 'book antiqua', palatino, serif; font-size: 21px; color: #000000;\">2. <b>\u2020<\/b>Bronis\u0142aw <b>Majkrzak<\/b><b><\/b><\/span><\/p>\n<p class=\"p5\"><span class=\"s1\" style=\"font-family: 'book antiqua', palatino, serif; font-size: 21px; color: #000000;\">3. <b>\u2020<\/b>Jan <b>Wielosik <\/b>od Zarz\u0105du i cz\u0142onk\u00f3w OSP Kadcza<\/span><\/p>\n<p class=\"p1\"><span class=\"s1\" style=\"font-family: 'book antiqua', palatino, serif; font-size: 21px; color: #000000;\"><span style=\"color: #ff0000;\"><b>18:00<\/b><\/span><b><\/b><\/span><\/p>\n<p class=\"p5\"><span class=\"s1\" style=\"font-family: 'book antiqua', palatino, serif; font-size: 21px; color: #000000;\">1. <b>\u2020\u2020<\/b>J\u00f3zefa i J\u00f3zef <b>Podobi\u0144scy<\/b> w rocz. \u015bm. J\u00f3zefa od dzieci z rodzinami<\/span><\/p>\n<p class=\"p5\"><span class=\"s1\" style=\"font-family: 'book antiqua', palatino, serif; font-size: 21px; color: #000000;\">2. Podzi\u0119kowanie za otrzymane \u0142aski z pro\u015bb\u0105 o b\u0142og. Bo\u017ce, opiek\u0119 Maryi dla rodziny <b>Biel\u00f3w<\/b> i <b>Psonak\u00f3w<\/b> oraz dzieci<\/span><\/p>\n<p class=\"p1\"><span class=\"s1\" style=\"font-family: 'book antiqua', palatino, serif; font-size: 21px; color: #000000;\"><span style=\"color: #ff0000;\"><b>Poza parafi\u0105:<\/b><\/span><b><\/b><\/span><\/p>\n<p class=\"p5\"><span class=\"s1\" style=\"font-family: 'book antiqua', palatino, serif; font-size: 21px; color: #000000;\"><b>\u2020<\/b>Edward <b>Florian<\/b> od grupy m\u0142odzie\u017cowej z Jazowska (Ks. Andrzej)<\/span><\/p>\n<p>&nbsp;<\/p>\n<p class=\"p2\"><span class=\"s1\" style=\"font-family: 'book antiqua', palatino, serif; font-size: 21px; color: #03a4f9;\"><b>Pi\u0105tek <\/b><b><\/b><\/span><span class=\"s1\" style=\"font-family: 'book antiqua', palatino, serif; font-size: 21px; color: #000000;\"><span style=\"color: #03a4f9;\"><b>01.05.2026 <\/b><\/span><b><\/b><\/span><b><\/b><span style=\"font-family: 'book antiqua', palatino, serif; font-size: 21px; color: #000000;\"><span class=\"s1\"><span style=\"color: #ff0000;\"><b><i>Pierwszy pi\u0105tek miesi\u0105ca<\/i><\/b><\/span><b><i><\/i><\/b><\/span><\/span><\/p>\n<p class=\"p1\"><span class=\"s1\" style=\"font-family: 'book antiqua', palatino, serif; font-size: 21px; color: #000000;\"><span style=\"color: #ff0000;\"><b>6:00<\/b><\/span><b><\/b><\/span><\/p>\n<p class=\"p8\"><span class=\"s1\" style=\"font-family: 'book antiqua', palatino, serif; font-size: 21px; color: #000000;\">1. O b\u0142og. Bo\u017ce, potrzebne \u0142aski, opiek\u0119 Maryi dla Filipa i Jasia<\/span><\/p>\n<p class=\"p8\"><span class=\"s1\" style=\"font-family: 'book antiqua', palatino, serif; font-size: 21px; color: #000000;\">2. <b>\u2020<\/b>Wiktoria <b>Szewczyk<\/b><b><\/b><\/span><\/p>\n<p class=\"p1\"><span class=\"s1\" style=\"font-family: 'book antiqua', palatino, serif; font-size: 21px; color: #000000;\"><span style=\"color: #ff0000;\"><b>18:00<\/b><\/span><b><\/b><\/span><\/p>\n<p class=\"p9\" style=\"text-align: justify;\"><span class=\"s1\" style=\"font-family: 'book antiqua', palatino, serif; font-size: 21px; color: #000000;\">Na wynagrodzenie za grzechy przeciw Naj\u015bw. Sercu Jezusa z pro\u015bb\u0105 o nawr\u00f3cenie grzesznik\u00f3w, Mi\u0142osierdzie Bo\u017ce nad nasz\u0105 parafi\u0105 i Ojczyzn\u0105, o \u0142ask\u0119 nowych, \u015bwi\u0119tych powo\u0142a\u0144 kap\u0142a\u0144skich, zakonnych i misyjnych z naszej parafii, o ustanie wojen i pok\u00f3j na \u015bwiecie, zachowanie od kl\u0119sk \u017cywio\u0142owych i opiek\u0119 Maryi nad nasz\u0105 parafi\u0105 z intencji SH NSPJ<\/span><\/p>\n<p class=\"p1\"><span class=\"s1\" style=\"font-family: 'book antiqua', palatino, serif; font-size: 21px; color: #000000;\"><span style=\"color: #ff0000;\"><b>Brzyna<\/b><\/span><b><\/b><\/span><\/p>\n<p class=\"p8\"><span class=\"s1\" style=\"font-family: 'book antiqua', palatino, serif; font-size: 21px; color: #000000;\">O b\u0142og. Bo\u017ce, opiek\u0119 Maryi dla Daniela, Jana i Anieli<\/span><\/p>\n<p class=\"p1\"><span class=\"s1\" style=\"font-family: 'book antiqua', palatino, serif; font-size: 21px; color: #000000;\"><span style=\"color: #ff0000;\"><b>Poza parafi\u0105:<\/b><\/span><b><\/b><\/span><\/p>\n<p class=\"p9\"><span style=\"font-family: 'book antiqua', palatino, serif; font-size: 21px; color: #000000;\"><span class=\"s1\"><b>\u2020<\/b>Edward <b>Florian<\/b> od Krzysztofa Dudy (Ks. Andrzej)<\/span><\/span><\/p>\n<p>&nbsp;<\/p>\n<p class=\"p2\"><span class=\"s1\" style=\"font-family: 'book antiqua', palatino, serif; font-size: 21px; color: #03a4f9;\"><b>Sobota <\/b><b><\/b><\/span><span class=\"s1\" style=\"font-family: 'book antiqua', palatino, serif; font-size: 21px; color: #000000;\"><span style=\"color: #03a4f9;\"><b>02.05.2026 <\/b><\/span><b><\/b><\/span><b><\/b><span class=\"s1\" style=\"font-family: 'book antiqua', palatino, serif; font-size: 21px; color: #000000;\"><span style=\"color: #ff0000;\"><b><i>Uroczysto\u015b\u0107 Naj\u015bwi\u0119tszej Maryi Panny Kr\u00f3lowej Polski<\/i><\/b><\/span><b><i><\/i><\/b><\/span><\/p>\n<p class=\"p10\"><span class=\"s1\" style=\"font-family: 'book antiqua', palatino, serif; font-size: 21px; color: #000000;\"><span style=\"color: #ff0000;\"><b>6:00<\/b><\/span><b><\/b><\/span><\/p>\n<p class=\"p5\" style=\"text-align: justify;\"><span class=\"s1\" style=\"font-family: 'book antiqua', palatino, serif; font-size: 21px; color: #000000;\">Na wynagrodzenie za grzechy przeciw Niepokalanemu Sercu NMP, z pro\u015bb\u0105 o nawr\u00f3cenie grzesznik\u00f3w, ustanie wojen i pok\u00f3j na \u015bwiecie o uproszenie nowych, \u015bwi\u0119tych powo\u0142a\u0144 kap\u0142a\u0144skich, zakonnych i misyjnych w naszej parafii, oraz o opiek\u0119 Maryi nad nasz\u0105 parafi\u0105 i Ojczyzn\u0105 z intencji SH Niepokalanego Serca NMP<\/span><\/p>\n<p class=\"p5\"><span class=\"s1\" style=\"font-family: 'book antiqua', palatino, serif; font-size: 21px; color: #000000;\">2. O b\u0142og. Bo\u017ce, opiek\u0119 Maryi dla Aleksandry, Teresy i Barbary \/<i>dz-b\u0142<\/i>\/<\/span><\/p>\n<p class=\"p10\"><span class=\"s1\" style=\"font-family: 'book antiqua', palatino, serif; font-size: 21px; color: #000000;\"><span style=\"color: #ff0000;\"><b>9:00<\/b><\/span><b><\/b><\/span><\/p>\n<p class=\"p5\"><span class=\"s1\" style=\"font-family: 'book antiqua', palatino, serif; font-size: 21px; color: #000000;\">Za parafian<\/span><\/p>\n<p class=\"p10\"><span class=\"s1\" style=\"font-family: 'book antiqua', palatino, serif; font-size: 21px; color: #000000;\"><span style=\"color: #ff0000;\"><b>Brzyna<\/b><\/span><b><\/b><\/span><\/p>\n<p class=\"p5\"><span class=\"s1\" style=\"font-family: 'book antiqua', palatino, serif; font-size: 21px; color: #000000;\"><b>\u2020<\/b>Stanis\u0142awa <b>Kozik <\/b>z okazji imienin od m\u0119\u017ca i syn\u00f3w<\/span><\/p>\n<p class=\"p10\"><span class=\"s1\" style=\"font-family: 'book antiqua', palatino, serif; font-size: 21px; color: #000000;\"><span style=\"color: #ff0000;\"><b>18:00<\/b><\/span><b><\/b><\/span><\/p>\n<p class=\"p5\"><span class=\"s1\" style=\"font-family: 'book antiqua', palatino, serif; font-size: 21px; color: #000000;\">1. O pomy\u015blne zdanie matury i dary Ducha \u015awi\u0119tego dla Julii od rodzic\u00f3w i rodze\u0144stwa<\/span><\/p>\n<p class=\"p5\"><span class=\"s1\" style=\"font-family: 'book antiqua', palatino, serif; font-size: 21px; color: #000000;\">2. <b>\u2020\u2020<\/b>Janina <b>\u0141atka <\/b>w 20 rocz. \u015bm., m\u0105\u017c Bronis\u0142aw i syn Ryszard<\/span><\/p>\n<p class=\"p10\"><span class=\"s1\" style=\"font-family: 'book antiqua', palatino, serif; font-size: 21px; color: #000000;\"><span style=\"color: #ff0000;\"><b>Poza parafi\u0105:<\/b><\/span><b><\/b><\/span><\/p>\n<p class=\"p5\"><span class=\"s1\" style=\"font-family: 'book antiqua', palatino, serif; font-size: 21px; color: #000000;\"><b>\u2020<\/b>Edward <b>Florian<\/b> od Marii i Andrzeja Michalik z Jamnicy (Ks. Andrzej)<\/span><\/p>\n<p>&nbsp;<\/p>\n<p class=\"p11\"><span style=\"color: #ff0000;\"><span style=\"font-family: 'book antiqua', palatino, serif; font-size: 21px;\"><span class=\"s1\"><b>V NIEDZIELA <\/b><\/span><span class=\"s4\"><b>WIELKANOCNA <\/b><b><\/b><\/span><\/span><b><\/b><\/span><span class=\"s1\" style=\"font-family: 'book antiqua', palatino, serif; font-size: 21px; color: #000000;\"><span style=\"color: #ff0000;\"><b>03.05.2026<\/b><\/span><b><\/b><\/span><\/p>\n<p class=\"p10\"><span class=\"s1\" style=\"font-family: 'book antiqua', palatino, serif; font-size: 21px; color: #000000;\"><span style=\"color: #ff0000;\"><b>7.00<\/b><\/span><b><\/b><\/span><\/p>\n<p class=\"p5\"><span class=\"s1\" style=\"font-family: 'book antiqua', palatino, serif; font-size: 21px; color: #000000;\">1. W intencji naszej Ojczyzny<\/span><\/p>\n<p class=\"p5\"><span class=\"s1\" style=\"font-family: 'book antiqua', palatino, serif; font-size: 21px; color: #000000;\">2. Z R\u00f3\u017cy Matek Stanis\u0142awy Poparda \/<i>dz-b\u0142<\/i>\/<\/span><\/p>\n<p class=\"p10\"><span class=\"s1\" style=\"font-family: 'book antiqua', palatino, serif; font-size: 21px; color: #000000;\"><span style=\"color: #ff0000;\"><b>9.00<\/b><\/span><b><\/b><\/span><\/p>\n<p class=\"p5\"><span class=\"s1\" style=\"font-family: 'book antiqua', palatino, serif; font-size: 21px; color: #000000;\"><b>\u2020\u2020<\/b>Barbara, Zygmunt, Wojciech <b>Stolarscy<\/b> z okazji imienin Zygmunta<\/span><\/p>\n<p class=\"p10\"><span class=\"s1\" style=\"font-family: 'book antiqua', palatino, serif; font-size: 21px; color: #000000;\"><span style=\"color: #ff0000;\"><b>Brzyna<\/b><\/span><b><\/b><\/span><\/p>\n<p class=\"p5\"><span class=\"s1\" style=\"font-family: 'book antiqua', palatino, serif; font-size: 21px; color: #000000;\">1. W 50 rocz. \u015blubu: podzi\u0119kowanie za otrzymane \u0142aski, z pro\u015bb\u0105 o b\u0142og. Bo\u017ce, opiek\u0119 \u015awietej Rodziny na dalsze lata dla ca\u0142ej rodziny<\/span><\/p>\n<p class=\"p5\"><span class=\"s1\" style=\"font-family: 'book antiqua', palatino, serif; font-size: 21px; color: #000000;\">2. W 50 rocz. \u015blubu J\u00f3zefy i Mariana od dzieci z rodzinami \/<i>dz-b\u0142<\/i>\/<\/span><\/p>\n<p class=\"p10\"><span class=\"s1\" style=\"font-family: 'book antiqua', palatino, serif; font-size: 21px; color: #000000;\"><span style=\"color: #ff0000;\"><b>11.00<\/b><\/span><b><\/b><\/span><\/p>\n<p class=\"p5\"><span class=\"s1\" style=\"font-family: 'book antiqua', palatino, serif; font-size: 21px; color: #000000;\">1. <b>\u2020\u2020<\/b>Zofia i J\u00f3zef <b>Pro\u0144scy<\/b> w 4 rocz. \u015bm. Zofii<\/span><\/p>\n<p class=\"p5\"><span class=\"s1\" style=\"font-family: 'book antiqua', palatino, serif; font-size: 21px; color: #000000;\">2. Z okazji urodzin i imienin Marii \/<i>dz-b\u0142<\/i>\/<\/span><\/p>\n<p class=\"p10\"><span class=\"s1\" style=\"font-family: 'book antiqua', palatino, serif; font-size: 21px; color: #000000;\"><span style=\"color: #ff0000;\"><b>16.00<\/b><\/span><b><\/b><\/span><\/p>\n<p class=\"p5\"><span class=\"s1\" style=\"font-family: 'book antiqua', palatino, serif; font-size: 21px; color: #000000;\"><b>\u2020\u2020<\/b>J\u00f3zef <b>Piksa<\/b> i \u017cona W\u0142adys\u0142awa od c\u00f3rki Gra\u017cyny z rodz.<\/span><\/p>\n","protected":false},"excerpt":{"rendered":"<p>Poniedzia\u0142ek 27.04.2026 6.00 1. \u2020Jan Wojciech Krawenda w rocz. \u015bm. 2. \u2020\u2020Ewa Ci\u0119ciwa-Fiut od kole\u017canek i koleg\u00f3w z klasy ze SP w Jazowsku 3. \u2020Jan Wielosik od syna Piotra z rodz. 18.00 1. \u2020Janusz Stawiarski w rocz. \u015bm. 2. O b\u0142og. Bo\u017ce, opiek\u0119 Maryi dla pewnej rodziny Poza parafi\u0105: \u2020Edward Florian od Marii i Stanis\u0142awa [&hellip;]<\/p>\n","protected":false},"author":3,"featured_media":7059,"comment_status":"closed","ping_status":"closed","sticky":false,"template":"","format":"standard","meta":{"ngg_post_thumbnail":0,"footnotes":""},"categories":[5],"tags":[],"class_list":["post-7076","post","type-post","status-publish","format-standard","has-post-thumbnail","hentry","category-intencje-mszy-sw"],"views":659,"_links":{"self":[{"href":"http:\/\/parafiajazowsko.pl\/index.php\/wp-json\/wp\/v2\/posts\/7076","targetHints":{"allow":["GET"]}}],"collection":[{"href":"http:\/\/parafiajazowsko.pl\/index.php\/wp-json\/wp\/v2\/posts"}],"about":[{"href":"http:\/\/parafiajazowsko.pl\/index.php\/wp-json\/wp\/v2\/types\/post"}],"author":[{"embeddable":true,"href":"http:\/\/parafiajazowsko.pl\/index.php\/wp-json\/wp\/v2\/users\/3"}],"replies":[{"embeddable":true,"href":"http:\/\/parafiajazowsko.pl\/index.php\/wp-json\/wp\/v2\/comments?post=7076"}],"version-history":[{"count":1,"href":"http:\/\/parafiajazowsko.pl\/index.php\/wp-json\/wp\/v2\/posts\/7076\/revisions"}],"predecessor-version":[{"id":7077,"href":"http:\/\/parafiajazowsko.pl\/index.php\/wp-json\/wp\/v2\/posts\/7076\/revisions\/7077"}],"wp:featuredmedia":[{"embeddable":true,"href":"http:\/\/parafiajazowsko.pl\/index.php\/wp-json\/wp\/v2\/media\/7059"}],"wp:attachment":[{"href":"http:\/\/parafiajazowsko.pl\/index.php\/wp-json\/wp\/v2\/media?parent=7076"}],"wp:term":[{"taxonomy":"category","embeddable":true,"href":"http:\/\/parafiajazowsko.pl\/index.php\/wp-json\/wp\/v2\/categories?post=7076"},{"taxonomy":"post_tag","embeddable":true,"href":"http:\/\/parafiajazowsko.pl\/index.php\/wp-json\/wp\/v2\/tags?post=7076"}],"curies":[{"name":"wp","href":"https:\/\/api.w.org\/{rel}","templated":true}]}}