{"id":7078,"date":"2026-04-28T06:20:41","date_gmt":"2026-04-28T04:20:41","guid":{"rendered":"http:\/\/parafiajazowsko.pl\/?p=7078"},"modified":"2026-04-28T06:25:39","modified_gmt":"2026-04-28T04:25:39","slug":"ogloszenia-duszpasterskie-26-kwietnia-2026-roku","status":"publish","type":"post","link":"http:\/\/parafiajazowsko.pl\/index.php\/2026\/04\/28\/ogloszenia-duszpasterskie-26-kwietnia-2026-roku\/","title":{"rendered":"Og\u0142oszenia duszpasterskie 26 kwietnia 2026 roku"},"content":{"rendered":"<p style=\"text-align: center;\"><span style=\"font-family: 'book antiqua', palatino, serif; font-size: 28px; color: #ff0000;\"><strong>CZWARTA NIEDZIELA WIELKANOCY czyli DOBREGO PASTERZA<\/strong><strong>\u00a0<\/strong><\/span><\/p>\n<ol>\n<li style=\"text-align: justify;\"><span style=\"font-family: 'book antiqua', palatino, serif; font-size: 28px; color: #000000;\">Dzisiaj rozpoczynamy tydzie\u0144 modlitw o powo\u0142ania do s\u0142u\u017cby w Ko\u015bciele. Codziennie b\u0119dziemy prosi\u0107 o nowych kap\u0142an\u00f3w, misjonarzy, osoby konsekrowane. B\u0119dziemy modli\u0107 si\u0119, aby wezwani przez Pana \u017cniwa ochotnym sercem przyj\u0119li powo\u0142anie, a tak\u017ce, aby rodziny wspiera\u0142y tych, kt\u00f3rych Pan sobie wybra\u0142. Niech b\u0142ogos\u0142awie\u0144stwo nowych powo\u0142a\u0144 spocznie r\u00f3wnie\u017c na naszej wsp\u00f3lnocie parafialnej.<\/span><\/li>\n<li style=\"text-align: justify;\"><span style=\"font-family: 'book antiqua', palatino, serif; font-size: 28px; color: #000000;\">Nowenna do MBNP w \u015brod\u0119 o godz. 18:00.<\/span><\/li>\n<li style=\"text-align: justify;\"><span style=\"font-family: 'book antiqua', palatino, serif; font-size: 28px; color: #000000;\">Adoracja Naj\u015bwi\u0119tszego Sakramentu w czwartek od godz. 15:00.<\/span><\/li>\n<li style=\"text-align: justify;\"><span style=\"font-family: 'book antiqua', palatino, serif; font-size: 28px; color: #000000;\">W tym tygodniu wypada I pi\u0105tek miesi\u0105ca. Okazja do spowiedzi w \u015brod\u0119, czwartek i\u00a0pi\u0105tek od 17:30; Brzyna 16:00 i Msza \u015bw. Adoracja SH NSPJ w pi\u0105tek po wieczornej Mszy \u015bw.<\/span><\/li>\n<li style=\"text-align: justify;\"><span style=\"font-family: 'book antiqua', palatino, serif; font-size: 28px; color: #000000;\">W pi\u0105tek rozpoczynamy codzienne nabo\u017ce\u0144stwa majowe z litani\u0105 loreta\u0144sk\u0105. Zach\u0119camy do wsp\u00f3lnej modlitwy maryjnej w ko\u015bciele o godz. 17:30, w niedziel\u0119 15:30; Brzyna 16:30, a tak\u017ce przy kapliczkach rozsianych w r\u00f3\u017cnych zak\u0105tkach naszej parafii.<\/span><\/li>\n<li style=\"text-align: justify;\"><span style=\"font-family: 'book antiqua', palatino, serif; color: #000000;\"><strong><span style=\"font-size: 28px;\">W czwartek na godz. 19:00 zapraszamy wszystkich maturzyst\u00f3w i \u00f3smoklasist\u00f3w na modlitw\u0119 do Ducha \u015awi\u0119tego na czas zbli\u017caj\u0105cych si\u0119 majowych egzamin\u00f3w.<\/span><\/strong><\/span><\/li>\n<li style=\"text-align: justify;\"><span style=\"font-family: 'book antiqua', palatino, serif; font-size: 28px; color: #000000;\">Liturgiczna Uroczysto\u015b\u0107 NMP Kr\u00f3lowej Polski zosta\u0142a w tym roku przeniesiona na sobot\u0119 2 maja. Msze \u015bw. 6:00, 9:00 i 18:00; Brzyna 9:45. W tym dniu OSP Obidza zaprasza na Festyn Stra\u017cacki od Amfiteatru od godz. 13:00. Doch\u00f3d b\u0119dzie przeznaczony na zakup nowego samochodu ratowniczo-ga\u015bniczego.<\/span><\/li>\n<li style=\"text-align: justify;\"><span style=\"font-family: 'book antiqua', palatino, serif; font-size: 28px; color: #000000;\">W niedziel\u0119 3 maja na godz. 18:00 zapraszamy wszystkich ch\u0119tnych na wsp\u00f3ln\u0105 maj\u00f3wk\u0119 do Kapliczki Matki Bo\u017cej Jagodnej w \u201eNaskiej Zagrodzie\u201d w Kadczy.<\/span><\/li>\n<li style=\"text-align: justify;\"><span style=\"font-family: 'book antiqua', palatino, serif; font-size: 28px; color: #000000;\">B\u00f3g zap\u0142a\u0107 za wszystkie ofiary sk\u0142adane na tac\u0119 oraz indywidualne na utrzymanie parafii i dzie\u0142a duszpasterskie. W ostatni\u0105 niedziel\u0119 zebrali\u015bmy 16430 z\u0142.<\/span><\/li>\n<li style=\"text-align: justify;\"><span style=\"font-family: 'book antiqua', palatino, serif; font-size: 28px; color: #000000;\">Zach\u0119cam do lektury prasy katolickiej.<\/span><\/li>\n<li style=\"text-align: justify;\"><span style=\"font-family: 'book antiqua', palatino, serif; font-size: 28px; color: #000000;\">Wszystkim solenizantom obecnego tygodnia sk\u0142adamy najlepsze \u017cyczenia obfito\u015bci Bo\u017cych \u0142ask i opieki Matki Bo\u017cej.<\/span><\/li>\n<li style=\"text-align: justify;\"><span style=\"font-family: 'book antiqua', palatino, serif; font-size: 28px; color: #000000;\">Od 1 maja 2026 r. zostan\u0105 odprawione msze \u015bw. pogrzebowe: <strong>\u015bp. Wilhelimna Turek<\/strong> \u2013 Ks. Sebastian \u015amia\u0142ek Lublin; <strong>\u015bp. J\u00f3zef Kiklica<\/strong> \u2013 Ks. prof. Piotr \u0141abuda Tarn\u00f3w.<\/span><\/li>\n<\/ol>\n","protected":false},"excerpt":{"rendered":"<p>CZWARTA NIEDZIELA WIELKANOCY czyli DOBREGO PASTERZA\u00a0 Dzisiaj rozpoczynamy tydzie\u0144 modlitw o powo\u0142ania do s\u0142u\u017cby w Ko\u015bciele. Codziennie b\u0119dziemy prosi\u0107 o nowych kap\u0142an\u00f3w, misjonarzy, osoby konsekrowane. B\u0119dziemy modli\u0107 si\u0119, aby wezwani przez Pana \u017cniwa ochotnym sercem przyj\u0119li powo\u0142anie, a tak\u017ce, aby rodziny wspiera\u0142y tych, kt\u00f3rych Pan sobie wybra\u0142. Niech b\u0142ogos\u0142awie\u0144stwo nowych powo\u0142a\u0144 spocznie r\u00f3wnie\u017c na naszej [&hellip;]<\/p>\n","protected":false},"author":3,"featured_media":6712,"comment_status":"closed","ping_status":"closed","sticky":false,"template":"","format":"standard","meta":{"ngg_post_thumbnail":0,"footnotes":""},"categories":[4],"tags":[],"class_list":["post-7078","post","type-post","status-publish","format-standard","has-post-thumbnail","hentry","category-ogloszenia-parafialne"],"views":250,"_links":{"self":[{"href":"http:\/\/parafiajazowsko.pl\/index.php\/wp-json\/wp\/v2\/posts\/7078","targetHints":{"allow":["GET"]}}],"collection":[{"href":"http:\/\/parafiajazowsko.pl\/index.php\/wp-json\/wp\/v2\/posts"}],"about":[{"href":"http:\/\/parafiajazowsko.pl\/index.php\/wp-json\/wp\/v2\/types\/post"}],"author":[{"embeddable":true,"href":"http:\/\/parafiajazowsko.pl\/index.php\/wp-json\/wp\/v2\/users\/3"}],"replies":[{"embeddable":true,"href":"http:\/\/parafiajazowsko.pl\/index.php\/wp-json\/wp\/v2\/comments?post=7078"}],"version-history":[{"count":3,"href":"http:\/\/parafiajazowsko.pl\/index.php\/wp-json\/wp\/v2\/posts\/7078\/revisions"}],"predecessor-version":[{"id":7086,"href":"http:\/\/parafiajazowsko.pl\/index.php\/wp-json\/wp\/v2\/posts\/7078\/revisions\/7086"}],"wp:featuredmedia":[{"embeddable":true,"href":"http:\/\/parafiajazowsko.pl\/index.php\/wp-json\/wp\/v2\/media\/6712"}],"wp:attachment":[{"href":"http:\/\/parafiajazowsko.pl\/index.php\/wp-json\/wp\/v2\/media?parent=7078"}],"wp:term":[{"taxonomy":"category","embeddable":true,"href":"http:\/\/parafiajazowsko.pl\/index.php\/wp-json\/wp\/v2\/categories?post=7078"},{"taxonomy":"post_tag","embeddable":true,"href":"http:\/\/parafiajazowsko.pl\/index.php\/wp-json\/wp\/v2\/tags?post=7078"}],"curies":[{"name":"wp","href":"https:\/\/api.w.org\/{rel}","templated":true}]}}