{"id":7081,"date":"2026-04-28T06:22:41","date_gmt":"2026-04-28T04:22:41","guid":{"rendered":"http:\/\/parafiajazowsko.pl\/?p=7081"},"modified":"2026-04-28T06:22:41","modified_gmt":"2026-04-28T04:22:41","slug":"sp-wilhelimna-turek-msze-pogrzebowe-od-1-maja-2026-ks-sebastian-smialek-lublin","status":"publish","type":"post","link":"http:\/\/parafiajazowsko.pl\/index.php\/2026\/04\/28\/sp-wilhelimna-turek-msze-pogrzebowe-od-1-maja-2026-ks-sebastian-smialek-lublin\/","title":{"rendered":"\u015ap. Wilhelimna Turek (msze pogrzebowe od 1 maja 2026) &#8211; Ks. Sebastian \u015amia\u0142ek Lublin"},"content":{"rendered":"<p style=\"text-align: center;\"><span style=\"font-family: 'book antiqua', palatino, serif; font-size: 24px; color: #800080;\"><strong><em>Intencje pogrzebowe poza parafi\u0105<\/em><\/strong><\/span><\/p>\n<p style=\"text-align: center;\"><span style=\"font-family: 'book antiqua', palatino, serif; font-size: 24px; color: #000000;\">Ks. Sebastian \u015amia\u0142ek (Lublin)<\/span><\/p>\n<p style=\"text-align: center;\"><span style=\"font-family: 'book antiqua', palatino, serif; font-size: 24px; color: #000000;\"><strong>od 1 maja 2026 roku<\/strong><\/span><\/p>\n<p><span style=\"font-family: 'book antiqua', palatino, serif; font-size: 24px; color: #000000;\"><strong>\u00a0<\/strong><\/span><\/p>\n<p><span style=\"font-family: 'book antiqua', palatino, serif; font-size: 24px; color: #800080;\"><strong>\u015ap. Wilhelimna Turek od:<\/strong><\/span><\/p>\n<ol>\n<li><span style=\"font-family: 'book antiqua', palatino, serif; font-size: 24px; color: #000000;\">wnuka \u0141ukasza z \u017con\u0105 i c\u00f3rkami<\/span><\/li>\n<li><span style=\"font-family: 'book antiqua', palatino, serif; font-size: 24px; color: #000000;\">wnuka Wojciecha z \u017con\u0105<\/span><\/li>\n<li><span style=\"font-family: 'book antiqua', palatino, serif; font-size: 24px; color: #000000;\">wnuka Wojciecha z \u017con\u0105<\/span><\/li>\n<li><span style=\"font-family: 'book antiqua', palatino, serif; font-size: 24px; color: #000000;\">chrze\u015bnicy Lucyny Biele\u0144skiej z Janowic<\/span><\/li>\n<li><span style=\"font-family: 'book antiqua', palatino, serif; font-size: 24px; color: #000000;\">chrze\u015bnicy Lucyny Biele\u0144skiej z Janowic<\/span><\/li>\n<li><span style=\"font-family: 'book antiqua', palatino, serif; font-size: 24px; color: #000000;\">Krystyny i Anety Mr\u00f3z<\/span><\/li>\n<li><span style=\"font-family: 'book antiqua', palatino, serif; font-size: 24px; color: #000000;\">Doroty i Paw\u0142a Mr\u00f3z<\/span><\/li>\n<li><span style=\"font-family: 'book antiqua', palatino, serif; font-size: 24px; color: #000000;\">J\u00f3zefa i Bo\u017ceny Bajor<\/span><\/li>\n<li><span style=\"font-family: 'book antiqua', palatino, serif; font-size: 24px; color: #000000;\">J\u00f3zefa i Jolanty z \u0141abowej<\/span><\/li>\n<li><span style=\"font-family: 'book antiqua', palatino, serif; font-size: 24px; color: #000000;\">Ma\u0142gorzaty i Wojciecha G\u00f3ratowskich z Janowic<\/span><\/li>\n<li><span style=\"font-family: 'book antiqua', palatino, serif; font-size: 24px; color: #000000;\">Anety i Krzysztofa Chrzanowskich z rodz.<\/span><\/li>\n<li><span style=\"font-family: 'book antiqua', palatino, serif; font-size: 24px; color: #000000;\">Anny i Piotra Chrzanowskich z rodz. z Tarnowa<\/span><\/li>\n<li><span style=\"font-family: 'book antiqua', palatino, serif; font-size: 24px; color: #000000;\">Anny i Piotra Chrzanowskich z rodz. z Tarnowa<\/span><\/li>\n<li><span style=\"font-family: 'book antiqua', palatino, serif; font-size: 24px; color: #000000;\">Alicji i Bart\u0142omieja<\/span><\/li>\n<li><span style=\"font-family: 'book antiqua', palatino, serif; font-size: 24px; color: #000000;\">Rafa\u0142a Talarczyka<\/span><\/li>\n<li><span style=\"font-family: 'book antiqua', palatino, serif; font-size: 24px; color: #000000;\">Renaty i Adama Stolarskich<\/span><\/li>\n<li><span style=\"font-family: 'book antiqua', palatino, serif; font-size: 24px; color: #000000;\">Stanis\u0142awa Dybiec z \u0141\u0105cka<\/span><\/li>\n<li><span style=\"font-family: 'book antiqua', palatino, serif; font-size: 24px; color: #000000;\">Bo\u017ceny i Jana Zazi\u0105b\u0142o z Tylmanowej<\/span><\/li>\n<li><span style=\"font-family: 'book antiqua', palatino, serif; font-size: 24px; color: #000000;\">Pauliny Jandura z rodz.<\/span><\/li>\n<li><span style=\"font-family: 'book antiqua', palatino, serif; font-size: 24px; color: #000000;\">Teresy Konstanty z rodz.<\/span><\/li>\n<li><span style=\"font-family: 'book antiqua', palatino, serif; font-size: 24px; color: #000000;\">synowej Haliny<\/span><\/li>\n<li><span style=\"font-family: 'book antiqua', palatino, serif; font-size: 24px; color: #000000;\">synowej Haliny<\/span><\/li>\n<li><span style=\"font-family: 'book antiqua', palatino, serif; font-size: 24px; color: #000000;\">wnuczki Katarzyny z rodz.<\/span><\/li>\n<li><span style=\"font-family: 'book antiqua', palatino, serif; font-size: 24px; color: #000000;\">wnuczki Katarzyny z rodz.<\/span><\/li>\n<li><span style=\"font-family: 'book antiqua', palatino, serif; font-size: 24px; color: #000000;\">wnuczki Anny<\/span><\/li>\n<li><span style=\"font-family: 'book antiqua', palatino, serif; font-size: 24px; color: #000000;\">wnuczki Anny<\/span><\/li>\n<li><span style=\"font-family: 'book antiqua', palatino, serif; font-size: 24px; color: #000000;\">Zbigniewa i Wies\u0142awy Cebula z Go\u0142kowic<\/span><\/li>\n<li><span style=\"font-family: 'book antiqua', palatino, serif; font-size: 24px; color: #000000;\">Ma\u0142gorzaty i Henryka Majkrzak<\/span><\/li>\n<li><span style=\"font-family: 'book antiqua', palatino, serif; font-size: 24px; color: #000000;\">s\u0105siad\u00f3w<\/span><\/li>\n<li><span style=\"font-family: 'book antiqua', palatino, serif; font-size: 24px; color: #000000;\">s\u0105siad\u00f3w<\/span><\/li>\n<\/ol>\n","protected":false},"excerpt":{"rendered":"<p>Intencje pogrzebowe poza parafi\u0105 Ks. Sebastian \u015amia\u0142ek (Lublin) od 1 maja 2026 roku \u00a0 \u015ap. Wilhelimna Turek od: wnuka \u0141ukasza z \u017con\u0105 i c\u00f3rkami wnuka Wojciecha z \u017con\u0105 wnuka Wojciecha z \u017con\u0105 chrze\u015bnicy Lucyny Biele\u0144skiej z Janowic chrze\u015bnicy Lucyny Biele\u0144skiej z Janowic Krystyny i Anety Mr\u00f3z Doroty i Paw\u0142a Mr\u00f3z J\u00f3zefa i Bo\u017ceny Bajor J\u00f3zefa [&hellip;]<\/p>\n","protected":false},"author":3,"featured_media":2265,"comment_status":"closed","ping_status":"closed","sticky":false,"template":"","format":"standard","meta":{"ngg_post_thumbnail":0,"footnotes":""},"categories":[8],"tags":[],"class_list":["post-7081","post","type-post","status-publish","format-standard","has-post-thumbnail","hentry","category-msze-gregorianskie"],"views":29,"_links":{"self":[{"href":"http:\/\/parafiajazowsko.pl\/index.php\/wp-json\/wp\/v2\/posts\/7081","targetHints":{"allow":["GET"]}}],"collection":[{"href":"http:\/\/parafiajazowsko.pl\/index.php\/wp-json\/wp\/v2\/posts"}],"about":[{"href":"http:\/\/parafiajazowsko.pl\/index.php\/wp-json\/wp\/v2\/types\/post"}],"author":[{"embeddable":true,"href":"http:\/\/parafiajazowsko.pl\/index.php\/wp-json\/wp\/v2\/users\/3"}],"replies":[{"embeddable":true,"href":"http:\/\/parafiajazowsko.pl\/index.php\/wp-json\/wp\/v2\/comments?post=7081"}],"version-history":[{"count":1,"href":"http:\/\/parafiajazowsko.pl\/index.php\/wp-json\/wp\/v2\/posts\/7081\/revisions"}],"predecessor-version":[{"id":7082,"href":"http:\/\/parafiajazowsko.pl\/index.php\/wp-json\/wp\/v2\/posts\/7081\/revisions\/7082"}],"wp:featuredmedia":[{"embeddable":true,"href":"http:\/\/parafiajazowsko.pl\/index.php\/wp-json\/wp\/v2\/media\/2265"}],"wp:attachment":[{"href":"http:\/\/parafiajazowsko.pl\/index.php\/wp-json\/wp\/v2\/media?parent=7081"}],"wp:term":[{"taxonomy":"category","embeddable":true,"href":"http:\/\/parafiajazowsko.pl\/index.php\/wp-json\/wp\/v2\/categories?post=7081"},{"taxonomy":"post_tag","embeddable":true,"href":"http:\/\/parafiajazowsko.pl\/index.php\/wp-json\/wp\/v2\/tags?post=7081"}],"curies":[{"name":"wp","href":"https:\/\/api.w.org\/{rel}","templated":true}]}}