{"id":7083,"date":"2026-04-28T06:23:54","date_gmt":"2026-04-28T04:23:54","guid":{"rendered":"http:\/\/parafiajazowsko.pl\/?p=7083"},"modified":"2026-04-28T06:23:54","modified_gmt":"2026-04-28T04:23:54","slug":"sp-jozef-kiklica-msze-pogrzebowe-do-1-maja-2026-ks-prof-piotr-labuda-tarnow","status":"publish","type":"post","link":"http:\/\/parafiajazowsko.pl\/index.php\/2026\/04\/28\/sp-jozef-kiklica-msze-pogrzebowe-do-1-maja-2026-ks-prof-piotr-labuda-tarnow\/","title":{"rendered":"\u015ap. J\u00f3zef Kiklica (msze pogrzebowe do 1 maja 2026) &#8211; Ks. prof. Piotr \u0141abuda Tarn\u00f3w"},"content":{"rendered":"<p style=\"text-align: center;\"><span style=\"font-family: 'book antiqua', palatino, serif; font-size: 24px; color: #800080;\"><strong>Msze \u015bw. pogrzebowe poza parafi\u0105<\/strong><\/span><\/p>\n<p style=\"text-align: center;\"><span style=\"font-family: 'book antiqua', palatino, serif; font-size: 24px; color: #800080;\"><strong>\u015ap. J\u00f3zef Kiklica od:<\/strong><\/span><\/p>\n<p style=\"text-align: center;\"><span style=\"font-family: 'book antiqua', palatino, serif; font-size: 24px; color: #000000;\"><strong>\u00a0<\/strong><\/span><\/p>\n<ol>\n<li><span style=\"font-family: 'book antiqua', palatino, serif; font-size: 24px; color: #000000;\">klasy 8 B z wychowawczyni\u0105 z ZSP w Jazowsku<\/span><\/li>\n<li><span style=\"font-family: 'book antiqua', palatino, serif; font-size: 24px; color: #000000;\">dyrekcji, nauczycieli, pracownik\u00f3w SP im. Zbigniewa Wodeckiego w Piorunce<\/span><\/li>\n<li><span style=\"font-family: 'book antiqua', palatino, serif; font-size: 24px; color: #000000;\">Urszuli i Mieczys\u0142awa Le\u015bnik z rodz.<\/span><\/li>\n<li><span style=\"font-family: 'book antiqua', palatino, serif; font-size: 24px; color: #000000;\">Katarzyny i Kazimierza Pietruch\u00f3w<\/span><\/li>\n<li><span style=\"font-family: 'book antiqua', palatino, serif; font-size: 24px; color: #000000;\">uczni\u00f3w klasy 5 A ZSP w Jazowsku wraz z rodzicami i wychowawc\u0105<\/span><\/li>\n<li><span style=\"font-family: 'book antiqua', palatino, serif; font-size: 24px; color: #000000;\">uczni\u00f3w klasy 1 B ZSP w Jazowsku wraz z rodzicami i wychowawc\u0105<\/span><\/li>\n<li><span style=\"font-family: 'book antiqua', palatino, serif; font-size: 24px; color: #000000;\">przedszkolak\u00f3w, rodzic\u00f3w i nauczycieli z grupy <em>Tygryski<\/em> ZSP w Jazowsku<\/span><\/li>\n<li><span style=\"font-family: 'book antiqua', palatino, serif; font-size: 24px; color: #000000;\">bratanicy Pauliny z rodzin\u0105<\/span><\/li>\n<li><span style=\"font-family: 'book antiqua', palatino, serif; font-size: 24px; color: #000000;\">bratanicy Pauliny z rodzin\u0105<\/span><\/li>\n<li><span style=\"font-family: 'book antiqua', palatino, serif; font-size: 24px; color: #000000;\">brata Antoniego z \u017con\u0105<\/span><\/li>\n<li><span style=\"font-family: 'book antiqua', palatino, serif; font-size: 24px; color: #000000;\">Renaty i Marcina Mara\u015b<\/span><\/li>\n<li><span style=\"font-family: 'book antiqua', palatino, serif; font-size: 24px; color: #000000;\">Wioli i Marcina Wzorek z dzie\u0107mi<\/span><\/li>\n<li><span style=\"font-family: 'book antiqua', palatino, serif; font-size: 24px; color: #000000;\">Alicji i S\u0142awomira Drab z dzie\u0107mi<\/span><\/li>\n<li><span style=\"font-family: 'book antiqua', palatino, serif; font-size: 24px; color: #000000;\">Anny Osuchowicz z rodzin\u0105<\/span><\/li>\n<li><span style=\"font-family: 'book antiqua', palatino, serif; font-size: 24px; color: #000000;\">Danuty i Rafa\u0142a Filus z dzie\u0107mi<\/span><\/li>\n<li><span style=\"font-family: 'book antiqua', palatino, serif; font-size: 24px; color: #000000;\">Stanis\u0142awy i Sylwestra Prusak z rodzin\u0105<\/span><\/li>\n<li><span style=\"font-family: 'book antiqua', palatino, serif; font-size: 24px; color: #000000;\">uczni\u00f3w klasy 6 B ZSP w Jazowsku z wychowawc\u0105 i rodzicami<\/span><\/li>\n<li><span style=\"font-family: 'book antiqua', palatino, serif; font-size: 24px; color: #000000;\">Ma\u0142gorzaty Stelmach z rodz.<\/span><\/li>\n<li><span style=\"font-family: 'book antiqua', palatino, serif; font-size: 24px; color: #000000;\">Wies\u0142awy Serafin z rodzin\u0105<\/span><\/li>\n<li><span style=\"font-family: 'book antiqua', palatino, serif; font-size: 24px; color: #000000;\">uczni\u00f3w i rodzic\u00f3w klasy 5 SP w Bere\u015bcie<\/span><\/li>\n<li><span style=\"font-family: 'book antiqua', palatino, serif; font-size: 24px; color: #000000;\">chrze\u015bnicy Joli z rodzin\u0105<\/span><\/li>\n<li><span style=\"font-family: 'book antiqua', palatino, serif; font-size: 24px; color: #000000;\">rodziny Mara\u015b z Obidzy<\/span><\/li>\n<li><span style=\"font-family: 'book antiqua', palatino, serif; font-size: 24px; color: #000000;\">Marii i B\u0142a\u017ceja Dudzik z K\u0142odnego<\/span><\/li>\n<li><span style=\"font-family: 'book antiqua', palatino, serif; font-size: 24px; color: #000000;\">s\u0105siad\u00f3w Jazowsko Wie\u015b<\/span><\/li>\n<li><span style=\"font-family: 'book antiqua', palatino, serif; font-size: 24px; color: #000000;\">klasy 7 B z wychowawczyni\u0105 i rodzicami<\/span><\/li>\n<li><span style=\"font-family: 'book antiqua', palatino, serif; font-size: 24px; color: #000000;\">Rady Rodzic\u00f3w oraz Rodzic\u00f3w ZSP w Jazowsku<\/span><\/li>\n<li><span style=\"font-family: 'book antiqua', palatino, serif; font-size: 24px; color: #000000;\">Kazimiery Psonak z Jazowska<\/span><\/li>\n<li><span style=\"font-family: 'book antiqua', palatino, serif; font-size: 24px; color: #000000;\">J\u00f3zefy i W\u0142adys\u0142awa Psonak<\/span><\/li>\n<li><span style=\"font-family: 'book antiqua', palatino, serif; font-size: 24px; color: #000000;\">uczni\u00f3w klasy 6 SP w Piorunce<\/span><\/li>\n<li><span style=\"font-family: 'book antiqua', palatino, serif; font-size: 24px; color: #000000;\">Ma\u0142gorzaty i Henryka Majkrzak<\/span><\/li>\n<\/ol>\n<p style=\"text-align: center;\"><span style=\"font-family: 'book antiqua', palatino, serif; font-size: 24px; color: #000000;\"><strong>zostan\u0105 odprawione w Tarnowie przez Ks. prof. Piotra \u0141abud\u0119<br \/>\nod 1 maja 2026 roku<\/strong><\/span><\/p>\n","protected":false},"excerpt":{"rendered":"<p>Msze \u015bw. pogrzebowe poza parafi\u0105 \u015ap. J\u00f3zef Kiklica od: \u00a0 klasy 8 B z wychowawczyni\u0105 z ZSP w Jazowsku dyrekcji, nauczycieli, pracownik\u00f3w SP im. Zbigniewa Wodeckiego w Piorunce Urszuli i Mieczys\u0142awa Le\u015bnik z rodz. Katarzyny i Kazimierza Pietruch\u00f3w uczni\u00f3w klasy 5 A ZSP w Jazowsku wraz z rodzicami i wychowawc\u0105 uczni\u00f3w klasy 1 B ZSP [&hellip;]<\/p>\n","protected":false},"author":3,"featured_media":2265,"comment_status":"closed","ping_status":"closed","sticky":false,"template":"","format":"standard","meta":{"ngg_post_thumbnail":0,"footnotes":""},"categories":[8],"tags":[],"class_list":["post-7083","post","type-post","status-publish","format-standard","has-post-thumbnail","hentry","category-msze-gregorianskie"],"views":35,"_links":{"self":[{"href":"http:\/\/parafiajazowsko.pl\/index.php\/wp-json\/wp\/v2\/posts\/7083","targetHints":{"allow":["GET"]}}],"collection":[{"href":"http:\/\/parafiajazowsko.pl\/index.php\/wp-json\/wp\/v2\/posts"}],"about":[{"href":"http:\/\/parafiajazowsko.pl\/index.php\/wp-json\/wp\/v2\/types\/post"}],"author":[{"embeddable":true,"href":"http:\/\/parafiajazowsko.pl\/index.php\/wp-json\/wp\/v2\/users\/3"}],"replies":[{"embeddable":true,"href":"http:\/\/parafiajazowsko.pl\/index.php\/wp-json\/wp\/v2\/comments?post=7083"}],"version-history":[{"count":1,"href":"http:\/\/parafiajazowsko.pl\/index.php\/wp-json\/wp\/v2\/posts\/7083\/revisions"}],"predecessor-version":[{"id":7084,"href":"http:\/\/parafiajazowsko.pl\/index.php\/wp-json\/wp\/v2\/posts\/7083\/revisions\/7084"}],"wp:featuredmedia":[{"embeddable":true,"href":"http:\/\/parafiajazowsko.pl\/index.php\/wp-json\/wp\/v2\/media\/2265"}],"wp:attachment":[{"href":"http:\/\/parafiajazowsko.pl\/index.php\/wp-json\/wp\/v2\/media?parent=7083"}],"wp:term":[{"taxonomy":"category","embeddable":true,"href":"http:\/\/parafiajazowsko.pl\/index.php\/wp-json\/wp\/v2\/categories?post=7083"},{"taxonomy":"post_tag","embeddable":true,"href":"http:\/\/parafiajazowsko.pl\/index.php\/wp-json\/wp\/v2\/tags?post=7083"}],"curies":[{"name":"wp","href":"https:\/\/api.w.org\/{rel}","templated":true}]}}