{"id":7087,"date":"2026-05-01T08:15:21","date_gmt":"2026-05-01T06:15:21","guid":{"rendered":"http:\/\/parafiajazowsko.pl\/?p=7087"},"modified":"2026-05-01T08:15:21","modified_gmt":"2026-05-01T06:15:21","slug":"intencje-mszalne-od-4-do-10-maja-2026-roku","status":"publish","type":"post","link":"http:\/\/parafiajazowsko.pl\/index.php\/2026\/05\/01\/intencje-mszalne-od-4-do-10-maja-2026-roku\/","title":{"rendered":"Intencje mszalne od 4 do 10 maja 2026 roku"},"content":{"rendered":"<p class=\"p2\"><span style=\"font-family: 'book antiqua', palatino, serif; font-size: 21px; color: #000000;\"><span class=\"s1\"><span style=\"color: #03a4f9;\"><b>Poniedzia\u0142ek <\/b><b>04.05.2026 <\/b><\/span><b><\/b><\/span><span class=\"s1\"><span style=\"color: #ff0000;\"><b><i>Wspomnienie \u015bw. Floriana<\/i><\/b><\/span><b><i><\/i><\/b><\/span><\/span><\/p>\n<p class=\"p1\"><span class=\"s1\" style=\"font-family: 'book antiqua', palatino, serif; font-size: 21px; color: #000000;\"><span style=\"color: #ff0000;\"><b>6.00<\/b><\/span><b><\/b><\/span><\/p>\n<p class=\"p7\"><span class=\"s1\" style=\"font-family: 'book antiqua', palatino, serif; font-size: 21px; color: #000000;\">1. <b>\u2020<\/b>W\u0142adys\u0142aw <b>Biel<\/b><b><\/b><\/span><\/p>\n<p class=\"p7\"><span class=\"s1\" style=\"font-family: 'book antiqua', palatino, serif; font-size: 21px; color: #000000;\">2. <b>\u2020\u2020<\/b>Maria i Franciszek <b>Jamka<\/b><b><\/b><\/span><\/p>\n<p class=\"p1\"><span class=\"s1\" style=\"font-family: 'book antiqua', palatino, serif; font-size: 21px; color: #000000;\"><span style=\"color: #ff0000;\"><b>18.00<\/b><\/span><b><\/b><\/span><\/p>\n<p class=\"p7\"><span class=\"s1\" style=\"font-family: 'book antiqua', palatino, serif; font-size: 21px; color: #000000;\">1. O b\u0142og. Bo\u017ce, opiek\u0119 Matki Bo\u017cej i wstawiennictwo \u015bw. Floriana dla OSP w Jazowsku i Kadczy<\/span><\/p>\n<p class=\"p7\"><span class=\"s1\" style=\"font-family: 'book antiqua', palatino, serif; font-size: 21px; color: #000000;\">2. <b>\u2020<\/b>Wanda <b>Talarczyk<\/b> w 5 rocz. \u015bm. od m\u0119\u017ca i dzieci<\/span><\/p>\n<p class=\"p1\"><span class=\"s1\" style=\"font-family: 'book antiqua', palatino, serif; font-size: 21px; color: #000000;\"><span style=\"color: #ff0000;\"><b>Brzyna<\/b><\/span><b><\/b><\/span><\/p>\n<p class=\"p7\"><span class=\"s1\" style=\"font-family: 'book antiqua', palatino, serif; font-size: 21px; color: #000000;\"><b>\u2020<\/b>Ks. Andrzej <b>Chmielarz<\/b><b><\/b><\/span><\/p>\n<p class=\"p1\"><span class=\"s1\" style=\"font-family: 'book antiqua', palatino, serif; font-size: 21px; color: #000000;\"><span style=\"color: #ff0000;\"><b>Poza parafi\u0105:<\/b><\/span><b><\/b><\/span><\/p>\n<p class=\"p7\"><span class=\"s1\" style=\"font-family: 'book antiqua', palatino, serif; font-size: 21px; color: #000000;\"><b>\u2020<\/b>Edward <b>Florian<\/b> od Sylwii Platy (Ks. Andrzej)<\/span><\/p>\n<p>&nbsp;<\/p>\n<p class=\"p2\"><span class=\"s1\" style=\"font-family: 'book antiqua', palatino, serif; font-size: 21px; color: #03a4f9;\"><b>Wtorek <\/b><b><\/b><\/span><span class=\"s1\" style=\"font-family: 'book antiqua', palatino, serif; font-size: 21px; color: #000000;\"><span style=\"color: #03a4f9;\"><b>05.05.2026<\/b><\/span><b><\/b><\/span><\/p>\n<p class=\"p1\"><span class=\"s1\" style=\"font-family: 'book antiqua', palatino, serif; font-size: 21px; color: #000000;\"><span style=\"color: #ff0000;\"><b>6.00<\/b><\/span><b><\/b><\/span><\/p>\n<p class=\"p7\"><span class=\"s1\" style=\"font-family: 'book antiqua', palatino, serif; font-size: 21px; color: #000000;\">1. <b>\u2020\u2020<\/b>Zofia i J\u00f3zef <b>Pro\u0144scy<\/b><b><\/b><\/span><\/p>\n<p class=\"p7\"><span class=\"s1\" style=\"font-family: 'book antiqua', palatino, serif; font-size: 21px; color: #000000;\">2. <b>\u2020\u2020<\/b>Maria <b>Sajdak<\/b> w 17 rocz. \u015bm. i m\u0105\u017c Franciszek<\/span><\/p>\n<p class=\"p1\"><span class=\"s1\" style=\"font-family: 'book antiqua', palatino, serif; font-size: 21px; color: #000000;\"><span style=\"color: #ff0000;\"><b>18.00<\/b><\/span><b><\/b><\/span><\/p>\n<p class=\"p7\"><span class=\"s1\" style=\"font-family: 'book antiqua', palatino, serif; font-size: 21px; color: #000000;\">1. <b>\u2020<\/b>W\u0142adys\u0142aw <b>Biel<\/b><b><\/b><\/span><\/p>\n<p class=\"p7\" style=\"text-align: justify;\"><span class=\"s1\" style=\"font-family: 'book antiqua', palatino, serif; font-size: 21px; color: #000000;\">2. O dobre urodzaje, szcz\u0119\u015bliwe zbiory, zachowanie od kl\u0119sk \u017cywio\u0142owych, zdrowie i b\u0142og. Bo\u017ce w rodzinach Jazowsko Wie\u015b od p. Tokarz\u00f3w do pani W\u00f3js<\/span><\/p>\n<p class=\"p1\"><span class=\"s1\" style=\"font-family: 'book antiqua', palatino, serif; font-size: 21px; color: #000000;\"><span style=\"color: #ff0000;\"><b>Brzyna<\/b><\/span><b><\/b><\/span><\/p>\n<p class=\"p7\"><span class=\"s1\" style=\"font-family: 'book antiqua', palatino, serif; font-size: 21px; color: #000000;\"><b>\u2020\u2020<\/b>Wojciech i Anna <b>Bieryt<\/b>, syn Tadeusz, Helena i J\u00f3zef <b>Ko\u0142odziej<\/b><b><\/b><\/span><\/p>\n<p class=\"p1\"><span class=\"s1\" style=\"font-family: 'book antiqua', palatino, serif; font-size: 21px; color: #000000;\"><span style=\"color: #ff0000;\"><b>Poza parafi\u0105:<\/b><\/span><b><\/b><\/span><\/p>\n<p class=\"p7\"><span class=\"s1\" style=\"font-family: 'book antiqua', palatino, serif; font-size: 21px; color: #000000;\"><b>\u2020<\/b>Edward <b>Florian<\/b> od rodz. Turk\u00f3w (Ks. Andrzej)<\/span><\/p>\n<p>&nbsp;<\/p>\n<p class=\"p2\"><span class=\"s1\" style=\"font-family: 'book antiqua', palatino, serif; font-size: 21px; color: #03a4f9;\"><b>\u015aroda <\/b><\/span><span class=\"s1\" style=\"font-family: 'book antiqua', palatino, serif; font-size: 21px; color: #000000;\"><span style=\"color: #03a4f9;\"><b>06.05.2026<\/b><\/span><b><\/b><\/span><\/p>\n<p class=\"p1\"><span class=\"s1\" style=\"font-family: 'book antiqua', palatino, serif; font-size: 21px; color: #000000;\"><span style=\"color: #ff0000;\"><b>6.00<\/b><\/span><b><\/b><\/span><\/p>\n<p class=\"p7\"><span class=\"s1\" style=\"font-family: 'book antiqua', palatino, serif; font-size: 21px; color: #000000;\">1. <b>\u2020\u2020<\/b>Alfred <b>Gucwa<\/b> i \u017cona Maria<\/span><\/p>\n<p class=\"p7\"><span class=\"s1\" style=\"font-family: 'book antiqua', palatino, serif; font-size: 21px; color: #000000;\">2. <b>\u2020\u2020<\/b>Antonina i Wojciech <b>Stawiarscy<\/b><b><\/b><\/span><\/p>\n<p class=\"p1\"><span class=\"s1\" style=\"font-family: 'book antiqua', palatino, serif; font-size: 21px; color: #000000;\"><span style=\"color: #ff0000;\"><b>18:00<\/b><\/span><b><\/b><\/span><\/p>\n<p class=\"p7\"><span class=\"s1\" style=\"font-family: 'book antiqua', palatino, serif; font-size: 21px; color: #000000;\">1. <b>\u2020<\/b>Stanis\u0142aw <b>Pietruszka <\/b>z okazji imienin<\/span><\/p>\n<p class=\"p7\"><span class=\"s1\" style=\"font-family: 'book antiqua', palatino, serif; font-size: 21px; color: #000000;\">2. <b>\u2020\u2020<\/b>zmarli z rodz. <b>S\u0142owik\u00f3w<\/b><b><\/b><\/span><\/p>\n<p class=\"p1\"><span class=\"s1\" style=\"font-family: 'book antiqua', palatino, serif; font-size: 21px; color: #000000;\"><span style=\"color: #ff0000;\"><b>Brzyna<\/b><\/span><b><\/b><\/span><\/p>\n<p class=\"p7\"><span class=\"s1\" style=\"font-family: 'book antiqua', palatino, serif; font-size: 21px; color: #000000;\"><b>\u2020<\/b>J\u00f3zef <b>Poparda <\/b>w 19 rocz. \u015bm.<\/span><\/p>\n<p class=\"p1\"><span class=\"s1\" style=\"font-family: 'book antiqua', palatino, serif; font-size: 21px; color: #000000;\"><span style=\"color: #ff0000;\"><b>Poza parafi\u0105:<\/b><\/span><b><\/b><\/span><\/p>\n<p class=\"p7\"><span class=\"s1\" style=\"font-family: 'book antiqua', palatino, serif; font-size: 21px; color: #000000;\"><b>\u2020<\/b>Edward <b>Florian<\/b> od rodz. Turk\u00f3w (Ks. Andrzej)<\/span><\/p>\n<p>&nbsp;<\/p>\n<p class=\"p2\"><span class=\"s1\" style=\"font-family: 'book antiqua', palatino, serif; font-size: 21px; color: #03a4f9;\"><b>Czwartek <\/b><b><\/b><\/span><span class=\"s1\" style=\"font-family: 'book antiqua', palatino, serif; font-size: 21px; color: #000000;\"><span style=\"color: #03a4f9;\"><b>07.05.2026<\/b><\/span><b><\/b><\/span><\/p>\n<p class=\"p1\"><span class=\"s1\" style=\"font-family: 'book antiqua', palatino, serif; font-size: 21px; color: #000000;\"><span style=\"color: #ff0000;\"><b>6:00<\/b><\/span><b><\/b><\/span><\/p>\n<p class=\"p7\"><span class=\"s1\" style=\"font-family: 'book antiqua', palatino, serif; font-size: 21px; color: #000000;\">1. <b>\u2020\u2020<\/b>Bronis\u0142awa i Tomasz <b>Pierzcha\u0142a<\/b><b><\/b><\/span><\/p>\n<p class=\"p7\"><span class=\"s1\" style=\"font-family: 'book antiqua', palatino, serif; font-size: 21px; color: #000000;\">2. <b>\u2020\u2020<\/b>Maria i J\u00f3zef <b>Majerscy<\/b><b><\/b><\/span><\/p>\n<p class=\"p1\"><span class=\"s1\" style=\"font-family: 'book antiqua', palatino, serif; font-size: 21px; color: #000000;\"><span style=\"color: #ff0000;\"><b>18:00<\/b><\/span><b><\/b><\/span><\/p>\n<p class=\"p7\"><span class=\"s1\" style=\"font-family: 'book antiqua', palatino, serif; font-size: 21px; color: #000000;\">1. <b>\u2020<\/b>Ks. Stefan <b>Potoniec<\/b> od J\u00f3zefy i Micha\u0142a Walig\u00f3ra z dzie\u0107mi<\/span><\/p>\n<p class=\"p7\"><span class=\"s1\" style=\"font-family: 'book antiqua', palatino, serif; font-size: 21px; color: #000000;\">2. <b>\u2020<\/b>Stanis\u0142awa <b>Zbozie\u0144<\/b> z okazji imienin i Dnia Matki od c\u00f3rki z rodz.<\/span><\/p>\n<p class=\"p1\"><span class=\"s1\" style=\"font-family: 'book antiqua', palatino, serif; font-size: 21px; color: #000000;\"><span style=\"color: #ff0000;\"><b>Brzyna<\/b><\/span><b><\/b><\/span><\/p>\n<p class=\"p7\"><span class=\"s1\" style=\"font-family: 'book antiqua', palatino, serif; font-size: 21px; color: #000000;\"><b>\u2020\u2020<\/b>Stanis\u0142awa i Stanis\u0142aw <b>Ka\u0142u\u017cni<\/b> z okazji imienin<\/span><\/p>\n<p class=\"p1\"><span class=\"s1\" style=\"font-family: 'book antiqua', palatino, serif; font-size: 21px; color: #000000;\"><span style=\"color: #ff0000;\"><b>Poza parafi\u0105:<\/b><\/span><b><\/b><\/span><\/p>\n<p class=\"p7\"><span class=\"s1\" style=\"font-family: 'book antiqua', palatino, serif; font-size: 21px; color: #000000;\"><b>\u2020<\/b>Edward <b>Florian<\/b> od Joanny i Krzysztofa Gorczowskich (Ks. Andrzej)<\/span><\/p>\n<p>&nbsp;<\/p>\n<p class=\"p2\"><span class=\"s1\" style=\"font-family: 'book antiqua', palatino, serif; font-size: 21px; color: #03a4f9;\"><b>Pi\u0105tek <\/b><b><\/b><\/span><span class=\"s1\" style=\"font-family: 'book antiqua', palatino, serif; font-size: 21px; color: #000000;\"><b><span style=\"color: #03a4f9;\">08.05.2026<\/span> <\/b><b><\/b><\/span><b><\/b><span style=\"font-family: 'book antiqua', palatino, serif; font-size: 21px; color: #000000;\"><span class=\"s1\"><span style=\"color: #ff0000;\"><b><i>Uroczysto\u015b\u0107 \u015bw. Stanis\u0142awa<\/i><\/b><\/span><b><i><\/i><\/b><\/span><\/span><\/p>\n<p class=\"p1\"><span class=\"s1\" style=\"font-family: 'book antiqua', palatino, serif; font-size: 21px; color: #000000;\"><span style=\"color: #ff0000;\"><b>6:00<\/b><\/span><b><\/b><\/span><\/p>\n<p class=\"p9\"><span class=\"s1\" style=\"font-family: 'book antiqua', palatino, serif; font-size: 21px; color: #000000;\">1. <b>\u2020<\/b>Stanis\u0142aw <b>Wyrostek<\/b> z okazji imienin<\/span><\/p>\n<p class=\"p9\"><span class=\"s1\" style=\"font-family: 'book antiqua', palatino, serif; font-size: 21px; color: #000000;\">2. <b>\u2020<\/b>Stanis\u0142aw <b>Duda<\/b> i siostra Justyna<\/span><\/p>\n<p class=\"p1\"><span class=\"s1\" style=\"font-family: 'book antiqua', palatino, serif; font-size: 21px; color: #000000;\"><span style=\"color: #ff0000;\"><b>18:00<\/b><\/span><b><\/b><\/span><\/p>\n<p class=\"p10\"><span class=\"s1\" style=\"font-family: 'book antiqua', palatino, serif; font-size: 21px; color: #000000;\">1. <b>\u2020\u2020<\/b>W\u0142adys\u0142aw <b>Wysopal<\/b> w rocz. \u015bm.<\/span><\/p>\n<p class=\"p10\" style=\"text-align: justify;\"><span class=\"s1\" style=\"font-family: 'book antiqua', palatino, serif; font-size: 21px; color: #000000;\">2. O dobre urodzaje, szcz\u0119\u015bliwe zbiory, zachowanie od kl\u0119sk \u017cywio\u0142owych i b\u0142og. Bo\u017ce, opiek\u0119 Maryi dla mieszka\u0144c\u00f3w \u0141az\u00f3w Ni\u017cnych<\/span><\/p>\n<p class=\"p1\"><span class=\"s1\" style=\"font-family: 'book antiqua', palatino, serif; font-size: 21px; color: #000000;\"><span style=\"color: #ff0000;\"><b>Brzyna<\/b><\/span><b><\/b><\/span><\/p>\n<p class=\"p9\"><span class=\"s1\" style=\"font-family: 'book antiqua', palatino, serif; font-size: 21px; color: #000000;\"><b>\u2020<\/b>Stanis\u0142awa <b>Wyrostek<\/b> z okazji imienin i Dnia Matki od c\u00f3rek<\/span><\/p>\n<p class=\"p1\"><span class=\"s1\" style=\"font-family: 'book antiqua', palatino, serif; font-size: 21px; color: #000000;\"><span style=\"color: #ff0000;\"><b>Poza parafi\u0105:<\/b><\/span><b><\/b><\/span><\/p>\n<p class=\"p10\"><span style=\"font-family: 'book antiqua', palatino, serif; font-size: 21px; color: #000000;\"><span class=\"s1\"><b>\u2020<\/b>Edward <b>Florian<\/b> od Marii i Bogus\u0142awa \u0141atk\u00f3w (Ks. Andrzej)<\/span><\/span><\/p>\n<p>&nbsp;<\/p>\n<p class=\"p2\"><span class=\"s1\" style=\"font-family: 'book antiqua', palatino, serif; font-size: 21px; color: #03a4f9;\"><b>Sobota <\/b><b><\/b><\/span><span class=\"s1\" style=\"font-family: 'book antiqua', palatino, serif; font-size: 21px; color: #000000;\"><span style=\"color: #03a4f9;\"><b>09.05.2026 <\/b><\/span><b><\/b><\/span><span class=\"s1\" style=\"font-family: 'book antiqua', palatino, serif; font-size: 21px; color: #000000;\"><span style=\"color: #ff0000;\"><b><i>Dzie\u0144 I Komunii \u015aw.<\/i><\/b><\/span><b><i><\/i><\/b><\/span><\/p>\n<p class=\"p1\"><span class=\"s1\" style=\"font-family: 'book antiqua', palatino, serif; font-size: 21px; color: #000000;\"><span style=\"color: #ff0000;\"><b>6:00<\/b><\/span><b><\/b><\/span><\/p>\n<p class=\"p7\"><span class=\"s1\" style=\"font-family: 'book antiqua', palatino, serif; font-size: 21px; color: #000000;\">1. O b\u0142og. Bo\u017ce, opiek\u0119 Maryi, zdrowie dla Gra\u017cyny i Ignacego z okazji urodzin od dzieci z rodzinami<\/span><\/p>\n<p class=\"p7\"><span class=\"s1\" style=\"font-family: 'book antiqua', palatino, serif; font-size: 21px; color: #000000;\">2. <b>\u2020<\/b>J\u00f3zef <b>Fijo\u0142ek<\/b> w 2 rocz. \u015bm. od rodziny<\/span><\/p>\n<p class=\"p1\"><span class=\"s1\" style=\"font-family: 'book antiqua', palatino, serif; font-size: 21px; color: #000000;\"><span style=\"color: #ff0000;\"><b>11:00<\/b><\/span><b><\/b><\/span><\/p>\n<p class=\"p7\"><span class=\"s1\" style=\"font-family: 'book antiqua', palatino, serif; font-size: 21px; color: #000000;\">W intencji dzieci pierwszokomunijnych i ich rodzin<\/span><\/p>\n<p class=\"p1\"><span class=\"s1\" style=\"font-family: 'book antiqua', palatino, serif; font-size: 21px; color: #000000;\"><span style=\"color: #ff0000;\"><b>Brzyna<\/b><\/span><b><\/b><\/span><\/p>\n<p class=\"p7\"><span class=\"s1\" style=\"font-family: 'book antiqua', palatino, serif; font-size: 21px; color: #000000;\">O zdrowie i b\u0142og. Bo\u017ce dla Stanis\u0142awy od dzieci z rodzinami<\/span><\/p>\n<p class=\"p1\"><span class=\"s1\" style=\"font-family: 'book antiqua', palatino, serif; font-size: 21px; color: #000000;\"><span style=\"color: #ff0000;\"><b>18:00<\/b><\/span><b><\/b><\/span><\/p>\n<p class=\"p7\"><span class=\"s1\" style=\"font-family: 'book antiqua', palatino, serif; font-size: 21px; color: #000000;\">W intencji dzieci prze\u017cywaj\u0105cych rocznic\u0119 I Komunii \u015bw. i ich rodzin<\/span><\/p>\n<p class=\"p1\"><span class=\"s1\" style=\"font-family: 'book antiqua', palatino, serif; font-size: 21px; color: #000000;\"><span style=\"color: #ff0000;\"><b>Poza parafi\u0105:<\/b><\/span><b><\/b><\/span><\/p>\n<p class=\"p7\"><span class=\"s1\" style=\"font-family: 'book antiqua', palatino, serif; font-size: 21px; color: #000000;\"><b>\u2020<\/b>Edward <b>Florian<\/b> od Natalii i Tomasza Siud\u00f3w z dzie\u0107mi (Ks. Andrzej)<\/span><\/p>\n<p>&nbsp;<\/p>\n<p class=\"p11\"><span style=\"font-family: 'book antiqua', palatino, serif; font-size: 21px; color: #ff0000;\"><span class=\"s1\"><b>VI NIEDZIELA <\/b><\/span><span class=\"s4\"><b>WIELKANOCNA <\/b><\/span><\/span><span class=\"s1\" style=\"font-family: 'book antiqua', palatino, serif; font-size: 21px; color: #000000;\"><span style=\"color: #ff0000;\"><b>10.05.2026<\/b><\/span><b><\/b><\/span><\/p>\n<p class=\"p1\"><span class=\"s1\" style=\"font-family: 'book antiqua', palatino, serif; font-size: 21px; color: #000000;\"><span style=\"color: #ff0000;\"><b>7.00<\/b><\/span><b><\/b><\/span><\/p>\n<p class=\"p7\"><span class=\"s1\" style=\"font-family: 'book antiqua', palatino, serif; font-size: 21px; color: #000000;\">1. <b>\u2020\u2020<\/b>Helena, Honorata, Kazimierz <b>Pi\u0105tek<\/b><\/span><\/p>\n<p class=\"p7\"><b><\/b><span class=\"s1\" style=\"font-family: 'book antiqua', palatino, serif; font-size: 21px; color: #000000;\">2. \u00a0<b>\u2020\u2020<\/b>W\u0142adys\u0142aw <b>Maciuszek<\/b> w 13 rocz. \u015bm. i zmarli z rodz. <b>Maciuszk\u00f3w<\/b><b><\/b><\/span><\/p>\n<p class=\"p1\"><span class=\"s1\" style=\"font-family: 'book antiqua', palatino, serif; font-size: 21px; color: #000000;\"><span style=\"color: #ff0000;\"><b>9.00<\/b><\/span><b><\/b><\/span><\/p>\n<p class=\"p7\"><span class=\"s1\" style=\"font-family: 'book antiqua', palatino, serif; font-size: 21px; color: #000000;\">W int. Wiktorii i Piotra Potoniec od wnuka Piotra z rodz. z Wa\u0142brzycha<\/span><\/p>\n<p class=\"p1\"><span class=\"s1\" style=\"font-family: 'book antiqua', palatino, serif; font-size: 21px; color: #000000;\"><span style=\"color: #ff0000;\"><b>Brzyna<\/b><\/span><b><\/b><\/span><\/p>\n<p class=\"p7\"><span class=\"s1\" style=\"font-family: 'book antiqua', palatino, serif; font-size: 21px; color: #000000;\">O zdrowie i b\u0142og. Bo\u017ce dla Janiny Hebda od dzieci, wnuk\u00f3w i prawnuk\u00f3w<\/span><\/p>\n<p class=\"p1\"><span class=\"s1\" style=\"font-family: 'book antiqua', palatino, serif; font-size: 21px; color: #000000;\"><span style=\"color: #ff0000;\"><b>11.00<\/b><\/span><b><\/b><\/span><\/p>\n<p class=\"p7\"><span class=\"s1\" style=\"font-family: 'book antiqua', palatino, serif; font-size: 21px; color: #000000;\">1. <b>\u2020\u2020<\/b>Salomea i Tadeusz <b>Banach<\/b> od c\u00f3rki z rodz.<\/span><\/p>\n<p class=\"p7\"><span class=\"s1\" style=\"font-family: 'book antiqua', palatino, serif; font-size: 21px; color: #000000;\">2. O b\u0142og. Bo\u017ce, opiek\u0119 Matki Bo\u017cej i szcz\u0119\u015bliwe zbiory dla mieszka\u0144c\u00f3w Podkrzyzia, Stec\u00f3w i Mosk\u00f3wki<\/span><\/p>\n<p class=\"p1\"><span class=\"s1\" style=\"font-family: 'book antiqua', palatino, serif; font-size: 21px; color: #000000;\"><span style=\"color: #ff0000;\"><b>16.00<\/b><\/span><b><\/b><\/span><\/p>\n<p class=\"p7\"><span class=\"s1\" style=\"font-family: 'book antiqua', palatino, serif; font-size: 21px; color: #000000;\">\/<i>dz-b\u0142<\/i>\/ za otrzymane \u0142aski z pro\u015bb\u0105 o opiek\u0119 Bo\u017c\u0105 za wstawiennictwem Matki Bo\u017cej i \u015bw. Kingi<\/span><\/p>\n","protected":false},"excerpt":{"rendered":"<p>Poniedzia\u0142ek 04.05.2026 Wspomnienie \u015bw. Floriana 6.00 1. \u2020W\u0142adys\u0142aw Biel 2. \u2020\u2020Maria i Franciszek Jamka 18.00 1. O b\u0142og. Bo\u017ce, opiek\u0119 Matki Bo\u017cej i wstawiennictwo \u015bw. Floriana dla OSP w Jazowsku i Kadczy 2. \u2020Wanda Talarczyk w 5 rocz. \u015bm. od m\u0119\u017ca i dzieci Brzyna \u2020Ks. Andrzej Chmielarz Poza parafi\u0105: \u2020Edward Florian od Sylwii Platy (Ks. [&hellip;]<\/p>\n","protected":false},"author":3,"featured_media":7059,"comment_status":"closed","ping_status":"closed","sticky":false,"template":"","format":"standard","meta":{"ngg_post_thumbnail":0,"footnotes":""},"categories":[5],"tags":[],"class_list":["post-7087","post","type-post","status-publish","format-standard","has-post-thumbnail","hentry","category-intencje-mszy-sw"],"views":311,"_links":{"self":[{"href":"http:\/\/parafiajazowsko.pl\/index.php\/wp-json\/wp\/v2\/posts\/7087","targetHints":{"allow":["GET"]}}],"collection":[{"href":"http:\/\/parafiajazowsko.pl\/index.php\/wp-json\/wp\/v2\/posts"}],"about":[{"href":"http:\/\/parafiajazowsko.pl\/index.php\/wp-json\/wp\/v2\/types\/post"}],"author":[{"embeddable":true,"href":"http:\/\/parafiajazowsko.pl\/index.php\/wp-json\/wp\/v2\/users\/3"}],"replies":[{"embeddable":true,"href":"http:\/\/parafiajazowsko.pl\/index.php\/wp-json\/wp\/v2\/comments?post=7087"}],"version-history":[{"count":1,"href":"http:\/\/parafiajazowsko.pl\/index.php\/wp-json\/wp\/v2\/posts\/7087\/revisions"}],"predecessor-version":[{"id":7088,"href":"http:\/\/parafiajazowsko.pl\/index.php\/wp-json\/wp\/v2\/posts\/7087\/revisions\/7088"}],"wp:featuredmedia":[{"embeddable":true,"href":"http:\/\/parafiajazowsko.pl\/index.php\/wp-json\/wp\/v2\/media\/7059"}],"wp:attachment":[{"href":"http:\/\/parafiajazowsko.pl\/index.php\/wp-json\/wp\/v2\/media?parent=7087"}],"wp:term":[{"taxonomy":"category","embeddable":true,"href":"http:\/\/parafiajazowsko.pl\/index.php\/wp-json\/wp\/v2\/categories?post=7087"},{"taxonomy":"post_tag","embeddable":true,"href":"http:\/\/parafiajazowsko.pl\/index.php\/wp-json\/wp\/v2\/tags?post=7087"}],"curies":[{"name":"wp","href":"https:\/\/api.w.org\/{rel}","templated":true}]}}